{"id":255,"date":"2020-05-14T19:32:27","date_gmt":"2020-05-14T17:32:27","guid":{"rendered":"https:\/\/sitewp.amasc-sacrecoeur.net\/?p=255"},"modified":"2020-11-06T18:02:28","modified_gmt":"2020-11-06T17:02:28","slug":"from-16-to-24-may-the-laudato-si-week","status":"publish","type":"post","link":"https:\/\/amasc.org\/es\/from-16-to-24-may-the-laudato-si-week\/","title":{"rendered":"DEL 16 AL 24 DE MAYO: SEMANA DE LA LAUDATO SI"},"content":{"rendered":"<div class=\"wp-block-columns is-layout-flex wp-container-core-columns-is-layout-9d6595d7 wp-block-columns-is-layout-flex\">\n<div class=\"wp-block-column is-layout-flow wp-block-column-is-layout-flow\" style=\"flex-basis:66.66%\">\n<h2 class=\"wp-block-heading\"><span style=\"color:#b72424\" class=\"has-inline-color\">DEL 16 AL 24 DE MAYO: SEMANA DE LA LAUDATO SI<\/span><\/h2>\n\n\n\n<p>Del 16 al 24 de mayo, el Papa invita a los cat\u00f3licos de todo el mundo a una semana de oraci\u00f3n y reflexi\u00f3n por el 5\u00ba aniversario de la Enc\u00edclica Laudato Si, para que se haga realidad un futuro m\u00e1s justo y sostenible.<\/p>\n\n\n\n<p>En efecto, la pandemia de coronavirus que sacude nuestro mundo no es, por desgracia, la \u00fanica. Como mencion\u00f3 el Papa durante su Misa del 14 de mayo, otras pandemias m\u00e1s silenciosas lo asolan: la guerra, el hambre, el drama de los ni\u00f1os que no van a la escuela... Desde el comienzo del a\u00f1o 2020, en 4 meses, 3.700.000 personas habr\u00edan muerto de hambre. Pero \"todo est\u00e1 relacionado\", como nos ense\u00f1a la Enc\u00edclica.<\/p>\n\n\n\n<p>En un mensaje dirigido a toda la Sociedad del Sagrado Coraz\u00f3n y a las personas vinculadas a ella, ofreci\u00e9ndoles la oportunidad de participar en esta semana, la Hna. Barbara Dawson y su equipo de la Casa Madre dicen: \" reconocemos claramente que nuestra casa com\u00fan est\u00e1 amenazada a muchos niveles y el mensaje de Laudato Si' es tanto m\u00e1s prof\u00e9tico \".<\/p>\n\n\n\n<p>Tambi\u00e9n ser\u00eda una excelente manera de prepararnos para la fiesta de Santa Magdalena Sof\u00eda Barat, el 25 de mayo, dando nueva profundidad y energ\u00eda a \"nuestro carisma y misi\u00f3n -descubrir y manifestar el amor de Jesucristo- que se han revelado en un momento de crisis social\".<\/p>\n\n\n\n<p>En el sitio internacional de la rscj que les invitamos a consultar (www.rscjinternational.org), encontrar\u00e1n enlaces que les permitir\u00e1n vivir esta semana en uni\u00f3n con todos los miembros de nuestra Familia del Sagrado Coraz\u00f3n y de la Iglesia universal.<\/p>\n\n\n\n<div style=\"height:50px\" aria-hidden=\"true\" class=\"wp-block-spacer\"><\/div>\n<\/div>\n\n\n\n<div class=\"wp-block-column is-layout-flow wp-block-column-is-layout-flow\" style=\"flex-basis:33.33%\">\n<div class=\"wp-block-image\"><figure class=\"aligncenter size-large\"><img loading=\"lazy\" decoding=\"async\" width=\"518\" height=\"508\" src=\"https:\/\/amasc.org\/wp-content\/uploads\/laudato-si.jpg\" alt=\"\" class=\"wp-image-251\" srcset=\"https:\/\/amasc.org\/wp-content\/uploads\/laudato-si.jpg 518w, https:\/\/amasc.org\/wp-content\/uploads\/laudato-si-300x294.jpg 300w, https:\/\/amasc.org\/wp-content\/uploads\/laudato-si-306x300.jpg 306w\" sizes=\"auto, (max-width: 518px) 100vw, 518px\" \/><\/figure><\/div>\n<\/div>\n<\/div>","protected":false},"excerpt":{"rendered":"<p>Del 16 al 24 de mayo, el Papa invita a los cat\u00f3licos de todo el mundo a una semana de oraci\u00f3n y reflexi\u00f3n por el 5\u00ba aniversario de la Enc\u00edclica Laudato Si, para que se haga realidad un futuro m\u00e1s justo y sostenible.<\/p>","protected":false},"author":6,"featured_media":971,"comment_status":"closed","ping_status":"closed","sticky":false,"template":"","format":"standard","meta":{"_acf_changed":false,"_kad_blocks_custom_css":"","_kad_blocks_head_custom_js":"","_kad_blocks_body_custom_js":"","_kad_blocks_footer_custom_js":"","_kad_post_transparent":"","_kad_post_title":"","_kad_post_layout":"","_kad_post_sidebar_id":"","_kad_post_content_style":"","_kad_post_vertical_padding":"","_kad_post_feature":"","_kad_post_feature_position":"","_kad_post_header":false,"_kad_post_footer":false,"_kad_post_classname":"","footnotes":""},"categories":[22],"tags":[],"class_list":["post-255","post","type-post","status-publish","format-standard","has-post-thumbnail","hentry","category-news"],"acf":[],"yoast_head":"<!-- This site is optimized with the Yoast SEO plugin v26.4 - https:\/\/yoast.com\/wordpress\/plugins\/seo\/ -->\n<title>FROM 16 TO 24 MAY: THE LAUDATO SI WEEK - AMASC<\/title>\n<meta name=\"robots\" content=\"index, follow, max-snippet:-1, max-image-preview:large, max-video-preview:-1\" \/>\n<link rel=\"canonical\" href=\"https:\/\/amasc.org\/es\/from-16-to-24-may-the-laudato-si-week\/\" \/>\n<meta property=\"og:locale\" content=\"es_ES\" \/>\n<meta property=\"og:type\" content=\"article\" \/>\n<meta property=\"og:title\" content=\"FROM 16 TO 24 MAY: THE LAUDATO SI WEEK - AMASC\" \/>\n<meta property=\"og:description\" content=\"From 16 to 24 May, the Pope invites Catholics throughout the world to a week of prayer and reflection for the 5th anniversary of the Encyclical Laudato Si, so that a more just and sustainable future may come about.\" \/>\n<meta property=\"og:url\" content=\"https:\/\/amasc.org\/es\/from-16-to-24-may-the-laudato-si-week\/\" \/>\n<meta property=\"og:site_name\" content=\"AMASC\" \/>\n<meta property=\"article:published_time\" content=\"2020-05-14T17:32:27+00:00\" \/>\n<meta property=\"article:modified_time\" content=\"2020-11-06T17:02:28+00:00\" \/>\n<meta property=\"og:image\" content=\"https:\/\/amasc.org\/wp-content\/uploads\/laudato-si-2.jpg\" \/>\n\t<meta property=\"og:image:width\" content=\"518\" \/>\n\t<meta property=\"og:image:height\" content=\"508\" \/>\n\t<meta property=\"og:image:type\" content=\"image\/jpeg\" \/>\n<meta name=\"author\" content=\"AMASC\" \/>\n<meta name=\"twitter:card\" content=\"summary_large_image\" \/>\n<meta name=\"twitter:label1\" content=\"Escrito por\" \/>\n\t<meta name=\"twitter:data1\" content=\"AMASC\" \/>\n\t<meta name=\"twitter:label2\" content=\"Tiempo de lectura\" \/>\n\t<meta name=\"twitter:data2\" content=\"1 minuto\" \/>\n<script type=\"application\/ld+json\" class=\"yoast-schema-graph\">{\"@context\":\"https:\/\/schema.org\",\"@graph\":[{\"@type\":\"Article\",\"@id\":\"https:\/\/amasc.org\/es\/from-16-to-24-may-the-laudato-si-week\/#article\",\"isPartOf\":{\"@id\":\"https:\/\/amasc.org\/es\/from-16-to-24-may-the-laudato-si-week\/\"},\"author\":{\"name\":\"AMASC\",\"@id\":\"https:\/\/amasc.org\/#\/schema\/person\/aae54db5b0e641eba76f3bb33c209616\"},\"headline\":\"FROM 16 TO 24 MAY: THE LAUDATO SI WEEK\",\"datePublished\":\"2020-05-14T17:32:27+00:00\",\"dateModified\":\"2020-11-06T17:02:28+00:00\",\"mainEntityOfPage\":{\"@id\":\"https:\/\/amasc.org\/es\/from-16-to-24-may-the-laudato-si-week\/\"},\"wordCount\":271,\"publisher\":{\"@id\":\"https:\/\/amasc.org\/#organization\"},\"image\":{\"@id\":\"https:\/\/amasc.org\/es\/from-16-to-24-may-the-laudato-si-week\/#primaryimage\"},\"thumbnailUrl\":\"https:\/\/amasc.org\/wp-content\/uploads\/laudato-si-2.jpg\",\"articleSection\":[\"NEWS\"],\"inLanguage\":\"es\"},{\"@type\":\"WebPage\",\"@id\":\"https:\/\/amasc.org\/es\/from-16-to-24-may-the-laudato-si-week\/\",\"url\":\"https:\/\/amasc.org\/es\/from-16-to-24-may-the-laudato-si-week\/\",\"name\":\"FROM 16 TO 24 MAY: THE LAUDATO SI WEEK - AMASC\",\"isPartOf\":{\"@id\":\"https:\/\/amasc.org\/#website\"},\"primaryImageOfPage\":{\"@id\":\"https:\/\/amasc.org\/es\/from-16-to-24-may-the-laudato-si-week\/#primaryimage\"},\"image\":{\"@id\":\"https:\/\/amasc.org\/es\/from-16-to-24-may-the-laudato-si-week\/#primaryimage\"},\"thumbnailUrl\":\"https:\/\/amasc.org\/wp-content\/uploads\/laudato-si-2.jpg\",\"datePublished\":\"2020-05-14T17:32:27+00:00\",\"dateModified\":\"2020-11-06T17:02:28+00:00\",\"breadcrumb\":{\"@id\":\"https:\/\/amasc.org\/es\/from-16-to-24-may-the-laudato-si-week\/#breadcrumb\"},\"inLanguage\":\"es\",\"potentialAction\":[{\"@type\":\"ReadAction\",\"target\":[\"https:\/\/amasc.org\/es\/from-16-to-24-may-the-laudato-si-week\/\"]}]},{\"@type\":\"ImageObject\",\"inLanguage\":\"es\",\"@id\":\"https:\/\/amasc.org\/es\/from-16-to-24-may-the-laudato-si-week\/#primaryimage\",\"url\":\"https:\/\/amasc.org\/wp-content\/uploads\/laudato-si-2.jpg\",\"contentUrl\":\"https:\/\/amasc.org\/wp-content\/uploads\/laudato-si-2.jpg\",\"width\":518,\"height\":508},{\"@type\":\"BreadcrumbList\",\"@id\":\"https:\/\/amasc.org\/es\/from-16-to-24-may-the-laudato-si-week\/#breadcrumb\",\"itemListElement\":[{\"@type\":\"ListItem\",\"position\":1,\"name\":\"Home\",\"item\":\"https:\/\/amasc.org\/\"},{\"@type\":\"ListItem\",\"position\":2,\"name\":\"FROM 16 TO 24 MAY: THE LAUDATO SI WEEK\"}]},{\"@type\":\"WebSite\",\"@id\":\"https:\/\/amasc.org\/#website\",\"url\":\"https:\/\/amasc.org\/\",\"name\":\"AMASC\",\"description\":\"\",\"publisher\":{\"@id\":\"https:\/\/amasc.org\/#organization\"},\"potentialAction\":[{\"@type\":\"SearchAction\",\"target\":{\"@type\":\"EntryPoint\",\"urlTemplate\":\"https:\/\/amasc.org\/?s={search_term_string}\"},\"query-input\":{\"@type\":\"PropertyValueSpecification\",\"valueRequired\":true,\"valueName\":\"search_term_string\"}}],\"inLanguage\":\"es\"},{\"@type\":\"Organization\",\"@id\":\"https:\/\/amasc.org\/#organization\",\"name\":\"AMASC\",\"url\":\"https:\/\/amasc.org\/\",\"logo\":{\"@type\":\"ImageObject\",\"inLanguage\":\"es\",\"@id\":\"https:\/\/amasc.org\/#\/schema\/logo\/image\/\",\"url\":\"https:\/\/amasc.org\/wp-content\/uploads\/logo-brand-red.png\",\"contentUrl\":\"https:\/\/amasc.org\/wp-content\/uploads\/logo-brand-red.png\",\"width\":1283,\"height\":1624,\"caption\":\"AMASC\"},\"image\":{\"@id\":\"https:\/\/amasc.org\/#\/schema\/logo\/image\/\"}},{\"@type\":\"Person\",\"@id\":\"https:\/\/amasc.org\/#\/schema\/person\/aae54db5b0e641eba76f3bb33c209616\",\"name\":\"AMASC\"}]}<\/script>\n<!-- \/ Yoast SEO plugin. -->","yoast_head_json":{"title":"FROM 16 TO 24 MAY: THE LAUDATO SI WEEK - AMASC","robots":{"index":"index","follow":"follow","max-snippet":"max-snippet:-1","max-image-preview":"max-image-preview:large","max-video-preview":"max-video-preview:-1"},"canonical":"https:\/\/amasc.org\/es\/from-16-to-24-may-the-laudato-si-week\/","og_locale":"es_ES","og_type":"article","og_title":"FROM 16 TO 24 MAY: THE LAUDATO SI WEEK - AMASC","og_description":"From 16 to 24 May, the Pope invites Catholics throughout the world to a week of prayer and reflection for the 5th anniversary of the Encyclical Laudato Si, so that a more just and sustainable future may come about.","og_url":"https:\/\/amasc.org\/es\/from-16-to-24-may-the-laudato-si-week\/","og_site_name":"AMASC","article_published_time":"2020-05-14T17:32:27+00:00","article_modified_time":"2020-11-06T17:02:28+00:00","og_image":[{"width":518,"height":508,"url":"https:\/\/amasc.org\/wp-content\/uploads\/laudato-si-2.jpg","type":"image\/jpeg"}],"author":"AMASC","twitter_card":"summary_large_image","twitter_misc":{"Escrito por":"AMASC","Tiempo de lectura":"1 minuto"},"schema":{"@context":"https:\/\/schema.org","@graph":[{"@type":"Article","@id":"https:\/\/amasc.org\/es\/from-16-to-24-may-the-laudato-si-week\/#article","isPartOf":{"@id":"https:\/\/amasc.org\/es\/from-16-to-24-may-the-laudato-si-week\/"},"author":{"name":"AMASC","@id":"https:\/\/amasc.org\/#\/schema\/person\/aae54db5b0e641eba76f3bb33c209616"},"headline":"FROM 16 TO 24 MAY: THE LAUDATO SI WEEK","datePublished":"2020-05-14T17:32:27+00:00","dateModified":"2020-11-06T17:02:28+00:00","mainEntityOfPage":{"@id":"https:\/\/amasc.org\/es\/from-16-to-24-may-the-laudato-si-week\/"},"wordCount":271,"publisher":{"@id":"https:\/\/amasc.org\/#organization"},"image":{"@id":"https:\/\/amasc.org\/es\/from-16-to-24-may-the-laudato-si-week\/#primaryimage"},"thumbnailUrl":"https:\/\/amasc.org\/wp-content\/uploads\/laudato-si-2.jpg","articleSection":["NEWS"],"inLanguage":"es"},{"@type":"WebPage","@id":"https:\/\/amasc.org\/es\/from-16-to-24-may-the-laudato-si-week\/","url":"https:\/\/amasc.org\/es\/from-16-to-24-may-the-laudato-si-week\/","name":"FROM 16 TO 24 MAY: THE LAUDATO SI WEEK - AMASC","isPartOf":{"@id":"https:\/\/amasc.org\/#website"},"primaryImageOfPage":{"@id":"https:\/\/amasc.org\/es\/from-16-to-24-may-the-laudato-si-week\/#primaryimage"},"image":{"@id":"https:\/\/amasc.org\/es\/from-16-to-24-may-the-laudato-si-week\/#primaryimage"},"thumbnailUrl":"https:\/\/amasc.org\/wp-content\/uploads\/laudato-si-2.jpg","datePublished":"2020-05-14T17:32:27+00:00","dateModified":"2020-11-06T17:02:28+00:00","breadcrumb":{"@id":"https:\/\/amasc.org\/es\/from-16-to-24-may-the-laudato-si-week\/#breadcrumb"},"inLanguage":"es","potentialAction":[{"@type":"ReadAction","target":["https:\/\/amasc.org\/es\/from-16-to-24-may-the-laudato-si-week\/"]}]},{"@type":"ImageObject","inLanguage":"es","@id":"https:\/\/amasc.org\/es\/from-16-to-24-may-the-laudato-si-week\/#primaryimage","url":"https:\/\/amasc.org\/wp-content\/uploads\/laudato-si-2.jpg","contentUrl":"https:\/\/amasc.org\/wp-content\/uploads\/laudato-si-2.jpg","width":518,"height":508},{"@type":"BreadcrumbList","@id":"https:\/\/amasc.org\/es\/from-16-to-24-may-the-laudato-si-week\/#breadcrumb","itemListElement":[{"@type":"ListItem","position":1,"name":"Home","item":"https:\/\/amasc.org\/"},{"@type":"ListItem","position":2,"name":"FROM 16 TO 24 MAY: THE LAUDATO SI WEEK"}]},{"@type":"WebSite","@id":"https:\/\/amasc.org\/#website","url":"https:\/\/amasc.org\/","name":"AMASC","description":"","publisher":{"@id":"https:\/\/amasc.org\/#organization"},"potentialAction":[{"@type":"SearchAction","target":{"@type":"EntryPoint","urlTemplate":"https:\/\/amasc.org\/?s={search_term_string}"},"query-input":{"@type":"PropertyValueSpecification","valueRequired":true,"valueName":"search_term_string"}}],"inLanguage":"es"},{"@type":"Organization","@id":"https:\/\/amasc.org\/#organization","name":"AMASC","url":"https:\/\/amasc.org\/","logo":{"@type":"ImageObject","inLanguage":"es","@id":"https:\/\/amasc.org\/#\/schema\/logo\/image\/","url":"https:\/\/amasc.org\/wp-content\/uploads\/logo-brand-red.png","contentUrl":"https:\/\/amasc.org\/wp-content\/uploads\/logo-brand-red.png","width":1283,"height":1624,"caption":"AMASC"},"image":{"@id":"https:\/\/amasc.org\/#\/schema\/logo\/image\/"}},{"@type":"Person","@id":"https:\/\/amasc.org\/#\/schema\/person\/aae54db5b0e641eba76f3bb33c209616","name":"AMASC"}]}},"taxonomy_info":{"category":[{"value":22,"label":"NEWS"}]},"featured_image_src_large":["https:\/\/amasc.org\/wp-content\/uploads\/laudato-si-2.jpg",518,508,false],"author_info":{"display_name":"AMASC","author_link":"https:\/\/amasc.org\/es\/author\/amasc\/"},"comment_info":0,"category_info":[{"term_id":22,"name":"NEWS","slug":"news","term_group":0,"term_taxonomy_id":22,"taxonomy":"category","description":"","parent":0,"count":36,"filter":"raw","cat_ID":22,"category_count":36,"category_description":"","cat_name":"NEWS","category_nicename":"news","category_parent":0}],"tag_info":false,"_links":{"self":[{"href":"https:\/\/amasc.org\/es\/wp-json\/wp\/v2\/posts\/255","targetHints":{"allow":["GET"]}}],"collection":[{"href":"https:\/\/amasc.org\/es\/wp-json\/wp\/v2\/posts"}],"about":[{"href":"https:\/\/amasc.org\/es\/wp-json\/wp\/v2\/types\/post"}],"author":[{"embeddable":true,"href":"https:\/\/amasc.org\/es\/wp-json\/wp\/v2\/users\/6"}],"replies":[{"embeddable":true,"href":"https:\/\/amasc.org\/es\/wp-json\/wp\/v2\/comments?post=255"}],"version-history":[{"count":0,"href":"https:\/\/amasc.org\/es\/wp-json\/wp\/v2\/posts\/255\/revisions"}],"wp:featuredmedia":[{"embeddable":true,"href":"https:\/\/amasc.org\/es\/wp-json\/wp\/v2\/media\/971"}],"wp:attachment":[{"href":"https:\/\/amasc.org\/es\/wp-json\/wp\/v2\/media?parent=255"}],"wp:term":[{"taxonomy":"category","embeddable":true,"href":"https:\/\/amasc.org\/es\/wp-json\/wp\/v2\/categories?post=255"},{"taxonomy":"post_tag","embeddable":true,"href":"https:\/\/amasc.org\/es\/wp-json\/wp\/v2\/tags?post=255"}],"curies":[{"name":"wp","href":"https:\/\/api.w.org\/{rel}","templated":true}]}}