{"id":365,"date":"2020-04-11T16:42:47","date_gmt":"2020-04-11T14:42:47","guid":{"rendered":"https:\/\/sitewp.amasc-sacrecoeur.net\/?p=365"},"modified":"2020-11-06T18:03:46","modified_gmt":"2020-11-06T17:03:46","slug":"easter","status":"publish","type":"post","link":"https:\/\/amasc.org\/es\/easter\/","title":{"rendered":"SEMANA SANTA"},"content":{"rendered":"<div class=\"wp-block-columns is-layout-flex wp-container-core-columns-is-layout-9d6595d7 wp-block-columns-is-layout-flex\">\n<div class=\"wp-block-column is-layout-flow wp-block-column-is-layout-flow\" style=\"flex-basis:66.66%\">\n<h2 class=\"wp-block-heading\"><span style=\"color:#b72424\" class=\"has-inline-color\">SEMANA SANTA<\/span><\/h2>\n\n\n\n<p>A pesar de estos d\u00edas oscuros que atraviesa nuestra humanidad, dolorosamente recordada de sus l\u00edmites y de su vulnerabilidad, mantengamos la esperanza en un ma\u00f1ana mejor: \u00a1Cristo ha resucitado!<\/p>\n\n\n\n<p>En el sitio web de la rscj internacional (rscjinternational.org), encontrar\u00e1n el mensaje del Superior General para esta gran celebraci\u00f3n de Pascua, as\u00ed como noticias de muchas Provincias en estos tiempos de pandemia.<\/p>\n\n\n\n<p>Paola del Prete, Presidenta de AMASC, tambi\u00e9n ha dirigido esta carta a los Presidentes de vuestras asociaciones y, a trav\u00e9s de ellos, a todos los ancianos del mundo :<\/p>\n\n\n\n<p>\" Queridos hermanos,<\/p>\n\n\n\n<p>Esta ma\u00f1ana hace un d\u00eda precioso; sol, cielo azul, mar en calma, Capri a lo lejos. Las rosas de la terraza tienen sus primeros capullos. El limonero est\u00e1 lleno de flores fragantes; un para\u00edso... pero fuera sigue el infierno.<br>Las calles est\u00e1n desiertas, no hay ruido, no hay coches, y la gente que pasa con m\u00e1scaras se dirige sospechosamente hacia la farmacia o el supermercado, y la polic\u00eda est\u00e1 al acecho.\u00c9sta sigue siendo nuestra vida...<\/p>\n\n\n\n<p>Las palabras del Papa en el cementerio desierto de la Plaza de San Pedro, nos ayudan a comprender que saldremos de esta guerra diferentes, y saldremos de ella s\u00f3lo confiando en \u00c9l:<\/p>\n\n\n\n<p>Desde hace semanas parece que ha ca\u00eddo la tarde. Una densa oscuridad se ha espesado en nuestras plazas, calles y ciudades. Se ha apoderado de nuestras vidas, llen\u00e1ndolo todo de un silencio ensordecedor y un vac\u00edo desolador que lo paraliza todo a su paso. Se siente en el aire. Se siente en los gestos, y las miradas lo dicen. Nos encontramos asustados y perdidos (...)<br>\"Como los disc\u00edpulos del Evangelio, nos sorprendi\u00f3 una tormenta inesperada y furiosa. Nos dimos cuenta de que est\u00e1bamos en la misma barca; todos fr\u00e1giles y desorientados, pero al mismo tiempo importantes y necesarios, todos llamados a remar juntos, todos necesitados de consuelo mutuo. En esta barca... todos somos como esos disc\u00edpulos que hablan con una sola voz y, angustiados, dicen: \"Estamos perdidos\". Al igual que aquellos disc\u00edpulos, que hablan con una sola voz y, angustiados, dicen: \"Estamos perdidos\" (v. 38), tambi\u00e9n nosotros nos hemos dado cuenta de que no podemos avanzar solos, sino s\u00f3lo juntos(... )<br>\"La tormenta desenmascara nuestra vulnerabilidad, y deja al descubierto esas falsas y superfluas certezas con las que hemos construido nuestras agendas, nuestros proyectos, nuestros h\u00e1bitos y prioridades..... '\u00bfPor qu\u00e9 tienes miedo? \u00bfA\u00fan no tienes fe?'( ....)<br>\"El principio de la fe es saber que necesitamos la salvaci\u00f3n. No somos autosuficientes, solos; solos nos hundimos. Necesitamos al Se\u00f1or como los antiguos marineros de las estrellas. Invitemos a Jes\u00fas a las barcas de nuestra vida. D\u00e9mosle nuestros miedos, para que \u00c9l los venza... Nos pide que no tengamos miedo. Pero nuestra fe es d\u00e9bil y tenemos miedo. Pero T\u00fa, Se\u00f1or, no nos dejas a merced de la tempestad. Repite de nuevo: 'No tendr\u00e1s miedo' (Mt 28,5). Y nosotros, con Pedro, 'echamos en Ti todas nuestras preocupaciones, porque T\u00fa nos has cuidado'. (cf. 1 Pe 5,7) (...)<br>\"En esta Cuaresma resuena tu llamada urgente: 'Convi\u00e9rtete', 'vuelve a m\u00ed de todo coraz\u00f3n' (Gl 2,12).. \" \"<\/p>\n\n\n\n<p>Debemos seguir adelante. El v\u00ednculo que nos une, alumnas y ex alumnas del Sagrado Coraz\u00f3n, es muy fuerte y puede ayudarnos. Nos hace m\u00e1s valientes contra la depresi\u00f3n, el des\u00e1nimo, la ansiedad, el insomnio y el miedo al hoy y al ma\u00f1ana. Recemos, pues, todos juntos, en una oraci\u00f3n com\u00fan ideal, bajo la mirada de Nuestra Se\u00f1ora, en el abrazo de Santa Magdalena Sof\u00eda. Recemos por los que sufren, por los que nos han dejado, por los m\u00e9dicos, las enfermeras, los voluntarios, los soldados y por todos los que nos ayudan a seguir viviendo.<br>Adem\u00e1s, te pido que me des tus noticias...<\/p>\n\n\n\n<p>Os abrazo a todos,<\/p>\n\n\n\n<p>Paola del Prete del Vaglio<br>Presidente de Amasc<br>Napoli 8 aprile 2020<\/p>\n\n\n\n<div style=\"height:50px\" aria-hidden=\"true\" class=\"wp-block-spacer\"><\/div>\n<\/div>\n\n\n\n<div class=\"wp-block-column is-layout-flow wp-block-column-is-layout-flow\" style=\"flex-basis:33.33%\">\n<div class=\"wp-block-image\"><figure class=\"aligncenter size-large is-resized\"><img loading=\"lazy\" decoding=\"async\" src=\"https:\/\/amasc.org\/wp-content\/uploads\/paques.jpg\" alt=\"\" class=\"wp-image-361\" width=\"330\" height=\"277\"\/><\/figure><\/div>\n<\/div>\n<\/div>","protected":false},"excerpt":{"rendered":"<p>A pesar de estos d\u00edas oscuros que atraviesa nuestra humanidad, dolorosamente recordada de sus l\u00edmites y de su vulnerabilidad, mantengamos la esperanza en un ma\u00f1ana mejor: \u00a1Cristo ha resucitado!<\/p>","protected":false},"author":6,"featured_media":361,"comment_status":"closed","ping_status":"closed","sticky":false,"template":"","format":"standard","meta":{"_acf_changed":false,"_kad_blocks_custom_css":"","_kad_blocks_head_custom_js":"","_kad_blocks_body_custom_js":"","_kad_blocks_footer_custom_js":"","_kad_post_transparent":"","_kad_post_title":"","_kad_post_layout":"","_kad_post_sidebar_id":"","_kad_post_content_style":"","_kad_post_vertical_padding":"","_kad_post_feature":"","_kad_post_feature_position":"","_kad_post_header":false,"_kad_post_footer":false,"_kad_post_classname":"","footnotes":""},"categories":[22],"tags":[],"class_list":["post-365","post","type-post","status-publish","format-standard","has-post-thumbnail","hentry","category-news"],"acf":[],"yoast_head":"<!-- This site is optimized with the Yoast SEO plugin v26.4 - https:\/\/yoast.com\/wordpress\/plugins\/seo\/ -->\n<title>EASTER - AMASC<\/title>\n<meta name=\"robots\" content=\"index, follow, max-snippet:-1, max-image-preview:large, max-video-preview:-1\" \/>\n<link rel=\"canonical\" href=\"https:\/\/amasc.org\/es\/easter\/\" \/>\n<meta property=\"og:locale\" content=\"es_ES\" \/>\n<meta property=\"og:type\" content=\"article\" \/>\n<meta property=\"og:title\" content=\"EASTER - AMASC\" \/>\n<meta property=\"og:description\" content=\"In spite of these dark days that our humanity is going through, painfully reminded of its limits and vulnerability, let us keep our hope in a better tomorrow: Christ is risen!\" \/>\n<meta property=\"og:url\" content=\"https:\/\/amasc.org\/es\/easter\/\" \/>\n<meta property=\"og:site_name\" content=\"AMASC\" \/>\n<meta property=\"article:published_time\" content=\"2020-04-11T14:42:47+00:00\" \/>\n<meta property=\"article:modified_time\" content=\"2020-11-06T17:03:46+00:00\" \/>\n<meta property=\"og:image\" content=\"https:\/\/amasc.org\/wp-content\/uploads\/paques.jpg\" \/>\n\t<meta property=\"og:image:width\" content=\"201\" \/>\n\t<meta property=\"og:image:height\" content=\"180\" \/>\n\t<meta property=\"og:image:type\" content=\"image\/jpeg\" \/>\n<meta name=\"author\" content=\"AMASC\" \/>\n<meta name=\"twitter:card\" content=\"summary_large_image\" \/>\n<meta name=\"twitter:label1\" content=\"Escrito por\" \/>\n\t<meta name=\"twitter:data1\" content=\"AMASC\" \/>\n\t<meta name=\"twitter:label2\" content=\"Tiempo de lectura\" \/>\n\t<meta name=\"twitter:data2\" content=\"3 minutos\" \/>\n<script type=\"application\/ld+json\" class=\"yoast-schema-graph\">{\"@context\":\"https:\/\/schema.org\",\"@graph\":[{\"@type\":\"Article\",\"@id\":\"https:\/\/amasc.org\/easter\/#article\",\"isPartOf\":{\"@id\":\"https:\/\/amasc.org\/easter\/\"},\"author\":{\"name\":\"AMASC\",\"@id\":\"https:\/\/amasc.org\/#\/schema\/person\/aae54db5b0e641eba76f3bb33c209616\"},\"headline\":\"EASTER\",\"datePublished\":\"2020-04-11T14:42:47+00:00\",\"dateModified\":\"2020-11-06T17:03:46+00:00\",\"mainEntityOfPage\":{\"@id\":\"https:\/\/amasc.org\/easter\/\"},\"wordCount\":642,\"publisher\":{\"@id\":\"https:\/\/amasc.org\/#organization\"},\"image\":{\"@id\":\"https:\/\/amasc.org\/easter\/#primaryimage\"},\"thumbnailUrl\":\"https:\/\/amasc.org\/wp-content\/uploads\/paques.jpg\",\"articleSection\":[\"NEWS\"],\"inLanguage\":\"es\"},{\"@type\":\"WebPage\",\"@id\":\"https:\/\/amasc.org\/easter\/\",\"url\":\"https:\/\/amasc.org\/easter\/\",\"name\":\"EASTER - AMASC\",\"isPartOf\":{\"@id\":\"https:\/\/amasc.org\/#website\"},\"primaryImageOfPage\":{\"@id\":\"https:\/\/amasc.org\/easter\/#primaryimage\"},\"image\":{\"@id\":\"https:\/\/amasc.org\/easter\/#primaryimage\"},\"thumbnailUrl\":\"https:\/\/amasc.org\/wp-content\/uploads\/paques.jpg\",\"datePublished\":\"2020-04-11T14:42:47+00:00\",\"dateModified\":\"2020-11-06T17:03:46+00:00\",\"breadcrumb\":{\"@id\":\"https:\/\/amasc.org\/easter\/#breadcrumb\"},\"inLanguage\":\"es\",\"potentialAction\":[{\"@type\":\"ReadAction\",\"target\":[\"https:\/\/amasc.org\/easter\/\"]}]},{\"@type\":\"ImageObject\",\"inLanguage\":\"es\",\"@id\":\"https:\/\/amasc.org\/easter\/#primaryimage\",\"url\":\"https:\/\/amasc.org\/wp-content\/uploads\/paques.jpg\",\"contentUrl\":\"https:\/\/amasc.org\/wp-content\/uploads\/paques.jpg\",\"width\":201,\"height\":180},{\"@type\":\"BreadcrumbList\",\"@id\":\"https:\/\/amasc.org\/easter\/#breadcrumb\",\"itemListElement\":[{\"@type\":\"ListItem\",\"position\":1,\"name\":\"Home\",\"item\":\"https:\/\/amasc.org\/\"},{\"@type\":\"ListItem\",\"position\":2,\"name\":\"EASTER\"}]},{\"@type\":\"WebSite\",\"@id\":\"https:\/\/amasc.org\/#website\",\"url\":\"https:\/\/amasc.org\/\",\"name\":\"AMASC\",\"description\":\"\",\"publisher\":{\"@id\":\"https:\/\/amasc.org\/#organization\"},\"potentialAction\":[{\"@type\":\"SearchAction\",\"target\":{\"@type\":\"EntryPoint\",\"urlTemplate\":\"https:\/\/amasc.org\/?s={search_term_string}\"},\"query-input\":{\"@type\":\"PropertyValueSpecification\",\"valueRequired\":true,\"valueName\":\"search_term_string\"}}],\"inLanguage\":\"es\"},{\"@type\":\"Organization\",\"@id\":\"https:\/\/amasc.org\/#organization\",\"name\":\"AMASC\",\"url\":\"https:\/\/amasc.org\/\",\"logo\":{\"@type\":\"ImageObject\",\"inLanguage\":\"es\",\"@id\":\"https:\/\/amasc.org\/#\/schema\/logo\/image\/\",\"url\":\"https:\/\/amasc.org\/wp-content\/uploads\/logo-brand-red.png\",\"contentUrl\":\"https:\/\/amasc.org\/wp-content\/uploads\/logo-brand-red.png\",\"width\":1283,\"height\":1624,\"caption\":\"AMASC\"},\"image\":{\"@id\":\"https:\/\/amasc.org\/#\/schema\/logo\/image\/\"}},{\"@type\":\"Person\",\"@id\":\"https:\/\/amasc.org\/#\/schema\/person\/aae54db5b0e641eba76f3bb33c209616\",\"name\":\"AMASC\"}]}<\/script>\n<!-- \/ Yoast SEO plugin. -->","yoast_head_json":{"title":"PASCUA - AMASC","robots":{"index":"index","follow":"follow","max-snippet":"max-snippet:-1","max-image-preview":"max-image-preview:large","max-video-preview":"max-video-preview:-1"},"canonical":"https:\/\/amasc.org\/es\/easter\/","og_locale":"es_ES","og_type":"article","og_title":"EASTER - AMASC","og_description":"In spite of these dark days that our humanity is going through, painfully reminded of its limits and vulnerability, let us keep our hope in a better tomorrow: Christ is risen!","og_url":"https:\/\/amasc.org\/es\/easter\/","og_site_name":"AMASC","article_published_time":"2020-04-11T14:42:47+00:00","article_modified_time":"2020-11-06T17:03:46+00:00","og_image":[{"width":201,"height":180,"url":"https:\/\/amasc.org\/wp-content\/uploads\/paques.jpg","type":"image\/jpeg"}],"author":"AMASC","twitter_card":"summary_large_image","twitter_misc":{"Escrito por":"AMASC","Tiempo de lectura":"3 minutos"},"schema":{"@context":"https:\/\/schema.org","@graph":[{"@type":"Article","@id":"https:\/\/amasc.org\/easter\/#article","isPartOf":{"@id":"https:\/\/amasc.org\/easter\/"},"author":{"name":"AMASC","@id":"https:\/\/amasc.org\/#\/schema\/person\/aae54db5b0e641eba76f3bb33c209616"},"headline":"EASTER","datePublished":"2020-04-11T14:42:47+00:00","dateModified":"2020-11-06T17:03:46+00:00","mainEntityOfPage":{"@id":"https:\/\/amasc.org\/easter\/"},"wordCount":642,"publisher":{"@id":"https:\/\/amasc.org\/#organization"},"image":{"@id":"https:\/\/amasc.org\/easter\/#primaryimage"},"thumbnailUrl":"https:\/\/amasc.org\/wp-content\/uploads\/paques.jpg","articleSection":["NEWS"],"inLanguage":"es"},{"@type":"WebPage","@id":"https:\/\/amasc.org\/easter\/","url":"https:\/\/amasc.org\/easter\/","name":"PASCUA - AMASC","isPartOf":{"@id":"https:\/\/amasc.org\/#website"},"primaryImageOfPage":{"@id":"https:\/\/amasc.org\/easter\/#primaryimage"},"image":{"@id":"https:\/\/amasc.org\/easter\/#primaryimage"},"thumbnailUrl":"https:\/\/amasc.org\/wp-content\/uploads\/paques.jpg","datePublished":"2020-04-11T14:42:47+00:00","dateModified":"2020-11-06T17:03:46+00:00","breadcrumb":{"@id":"https:\/\/amasc.org\/easter\/#breadcrumb"},"inLanguage":"es","potentialAction":[{"@type":"ReadAction","target":["https:\/\/amasc.org\/easter\/"]}]},{"@type":"ImageObject","inLanguage":"es","@id":"https:\/\/amasc.org\/easter\/#primaryimage","url":"https:\/\/amasc.org\/wp-content\/uploads\/paques.jpg","contentUrl":"https:\/\/amasc.org\/wp-content\/uploads\/paques.jpg","width":201,"height":180},{"@type":"BreadcrumbList","@id":"https:\/\/amasc.org\/easter\/#breadcrumb","itemListElement":[{"@type":"ListItem","position":1,"name":"Home","item":"https:\/\/amasc.org\/"},{"@type":"ListItem","position":2,"name":"EASTER"}]},{"@type":"WebSite","@id":"https:\/\/amasc.org\/#website","url":"https:\/\/amasc.org\/","name":"AMASC","description":"","publisher":{"@id":"https:\/\/amasc.org\/#organization"},"potentialAction":[{"@type":"SearchAction","target":{"@type":"EntryPoint","urlTemplate":"https:\/\/amasc.org\/?s={search_term_string}"},"query-input":{"@type":"PropertyValueSpecification","valueRequired":true,"valueName":"search_term_string"}}],"inLanguage":"es"},{"@type":"Organization","@id":"https:\/\/amasc.org\/#organization","name":"AMASC","url":"https:\/\/amasc.org\/","logo":{"@type":"ImageObject","inLanguage":"es","@id":"https:\/\/amasc.org\/#\/schema\/logo\/image\/","url":"https:\/\/amasc.org\/wp-content\/uploads\/logo-brand-red.png","contentUrl":"https:\/\/amasc.org\/wp-content\/uploads\/logo-brand-red.png","width":1283,"height":1624,"caption":"AMASC"},"image":{"@id":"https:\/\/amasc.org\/#\/schema\/logo\/image\/"}},{"@type":"Person","@id":"https:\/\/amasc.org\/#\/schema\/person\/aae54db5b0e641eba76f3bb33c209616","name":"AMASC"}]}},"taxonomy_info":{"category":[{"value":22,"label":"NEWS"}]},"featured_image_src_large":["https:\/\/amasc.org\/wp-content\/uploads\/paques.jpg",201,180,false],"author_info":{"display_name":"AMASC","author_link":"https:\/\/amasc.org\/es\/author\/amasc\/"},"comment_info":0,"category_info":[{"term_id":22,"name":"NEWS","slug":"news","term_group":0,"term_taxonomy_id":22,"taxonomy":"category","description":"","parent":0,"count":36,"filter":"raw","cat_ID":22,"category_count":36,"category_description":"","cat_name":"NEWS","category_nicename":"news","category_parent":0}],"tag_info":false,"_links":{"self":[{"href":"https:\/\/amasc.org\/es\/wp-json\/wp\/v2\/posts\/365","targetHints":{"allow":["GET"]}}],"collection":[{"href":"https:\/\/amasc.org\/es\/wp-json\/wp\/v2\/posts"}],"about":[{"href":"https:\/\/amasc.org\/es\/wp-json\/wp\/v2\/types\/post"}],"author":[{"embeddable":true,"href":"https:\/\/amasc.org\/es\/wp-json\/wp\/v2\/users\/6"}],"replies":[{"embeddable":true,"href":"https:\/\/amasc.org\/es\/wp-json\/wp\/v2\/comments?post=365"}],"version-history":[{"count":0,"href":"https:\/\/amasc.org\/es\/wp-json\/wp\/v2\/posts\/365\/revisions"}],"wp:featuredmedia":[{"embeddable":true,"href":"https:\/\/amasc.org\/es\/wp-json\/wp\/v2\/media\/361"}],"wp:attachment":[{"href":"https:\/\/amasc.org\/es\/wp-json\/wp\/v2\/media?parent=365"}],"wp:term":[{"taxonomy":"category","embeddable":true,"href":"https:\/\/amasc.org\/es\/wp-json\/wp\/v2\/categories?post=365"},{"taxonomy":"post_tag","embeddable":true,"href":"https:\/\/amasc.org\/es\/wp-json\/wp\/v2\/tags?post=365"}],"curies":[{"name":"wp","href":"https:\/\/api.w.org\/{rel}","templated":true}]}}