{"id":997,"date":"2019-11-20T15:53:00","date_gmt":"2019-11-20T13:53:00","guid":{"rendered":"https:\/\/sitewp.amasc-sacrecoeur.net\/?p=997"},"modified":"2020-11-06T17:57:57","modified_gmt":"2020-11-06T16:57:57","slug":"note-for-the-feast-of-philippine-and-nov-21","status":"publish","type":"post","link":"https:\/\/amasc.org\/fr\/note-for-the-feast-of-philippine-and-nov-21\/","title":{"rendered":"NOTE POUR LA FETE DES PHILIPPINES ET LE 21 NOVEMBRE"},"content":{"rendered":"<div class=\"wp-block-columns is-layout-flex wp-container-core-columns-is-layout-9d6595d7 wp-block-columns-is-layout-flex\">\n<div class=\"wp-block-column is-layout-flow wp-block-column-is-layout-flow\" style=\"flex-basis:66.66%\">\n<h2 class=\"wp-block-heading\"><span style=\"color:#b72424\" class=\"has-inline-color\">NOTE POUR LA FETE DES PHILIPPINES ET LE 21 NOVEMBRE<\/span><\/h2>\n\n\n\n<p>Avec son accord, nous publions la note que Sr Barbara Dawson vient d'envoyer \u00e0 ses s\u0153urs pour la f\u00eate de Philippine Duchesne et l'anniversaire du premier engagement de Sophie Barat, le 21 novembre 1800, \u00e0 Paris, dans laquelle elle \u00e9voque la situation difficile des RSCJ dans certains pays. Nous prions pour elles.<\/p>\n\n\n\n<p>Ch\u00e8res s\u0153urs,<\/p>\n\n\n\n<p>Alors que nous nous pr\u00e9parons \u00e0 c\u00e9l\u00e9brer la f\u00eate de notre s\u0153ur Philippine et le jour o\u00f9 Sophie et ses compagnes ont pris leur premier engagement en tant que religieuses, prions pour notre monde b\u00e9ni et bris\u00e9, en particulier pour les tensions croissantes en Am\u00e9rique latine, au Chili et en Bolivie, ainsi que pour la poursuite du conflit en Ha\u00efti. Nous avons re\u00e7u des nouvelles de nos s\u0153urs au Chili et en Ha\u00efti et toutes sont en s\u00e9curit\u00e9 en ce moment. Au Chili comme en Ha\u00efti, les communaut\u00e9s restent pour la plupart dans leurs maisons. Nous avons re\u00e7u des nouvelles du noviciat interprovincial au Chili, qui accueille des novices d'Espagne et du Mexique, ainsi que des s\u0153urs de Porto Rico, d'Espagne et du Chili. Edith Opazo, la provinciale du Chili, a \u00e9crit : \" les choses sont tr\u00e8s complexes et il semble qu'il n'y ait pas d'issue. Nous ne savons pas \u00e0 quoi cela va aboutir. La r\u00e9pression est horrible et la violence ne semble pas vouloir s'arr\u00eater. Merci de nous porter dans la pri\u00e8re\". Nous avons \u00e9galement appris de nos s\u0153urs en Ha\u00efti que les tensions dans le pays se poursuivent. Notre s\u0153ur Matilde (ESP) est \u00e0 Port-au-Prince chez les J\u00e9suites parce qu'elle ne peut pas retourner \u00e0 Balan, et nos quatre autres s\u0153urs, Valle d'Espagne, Bibiane du Congo, Josefa de Porto Rico et Marta du Chili, sont chez elles \u00e0 Balan. Ni l'\u00e9cole ni la clinique ne fonctionnent et les routes sont tr\u00e8s dangereuses. L'\u00e9quipe centrale et la communaut\u00e9 d'Ha\u00efti ont d\u00e9cid\u00e9 ensemble de reporter notre visite en Ha\u00efti pour la s\u00e9curit\u00e9 de tous. Nous les rencontrerons par vid\u00e9oconf\u00e9rence depuis Porto Rico. Prions Sophie et Philippine, ces femmes qui ont r\u00e9pondu \u00e0 l'appel de Dieu en pleine r\u00e9volution, pour que nous soyons nous aussi des femmes de courage et de confiance, o\u00f9 que nous soyons, entrant pleinement dans la r\u00e9alit\u00e9 de chaque jour et de chaque personne que nous rencontrons sur notre chemin. En ces jours, pla\u00e7ons dans le c\u0153ur de J\u00e9sus le Chili et Ha\u00efti et tous les lieux et situations o\u00f9 les gens souffrent et ont le plus besoin d'aide. Ceci vous apporte beaucoup d'amour et de pri\u00e8res,<\/p>\n\n\n\n<p>Barbara, rscj<\/p>\n\n\n\n<div style=\"height:50px\" aria-hidden=\"true\" class=\"wp-block-spacer\"><\/div>\n<\/div>\n\n\n\n<div class=\"wp-block-column is-layout-flow wp-block-column-is-layout-flow\" style=\"flex-basis:33.33%\">\n<div class=\"wp-block-image\"><figure class=\"aligncenter size-large\"><img loading=\"lazy\" decoding=\"async\" width=\"350\" height=\"458\" src=\"https:\/\/amasc.org\/wp-content\/uploads\/illustration.jpg\" alt=\"\" class=\"wp-image-995\" srcset=\"https:\/\/amasc.org\/wp-content\/uploads\/illustration.jpg 350w, https:\/\/amasc.org\/wp-content\/uploads\/illustration-229x300.jpg 229w\" sizes=\"auto, (max-width: 350px) 100vw, 350px\" \/><\/figure><\/div>\n<\/div>\n<\/div>","protected":false},"excerpt":{"rendered":"<p>Avec son accord, nous publions la note que Sr Barbara Dawson vient d'envoyer \u00e0 ses s\u0153urs pour la f\u00eate de Philippine Duchesne et l'anniversaire du premier engagement de Sophie Barat, le 21 novembre 1800, \u00e0 Paris, dans laquelle elle \u00e9voque la situation difficile des RSCJ dans certains pays. Nous prions pour elles.<\/p>","protected":false},"author":6,"featured_media":995,"comment_status":"closed","ping_status":"closed","sticky":false,"template":"","format":"standard","meta":{"_acf_changed":false,"_kad_blocks_custom_css":"","_kad_blocks_head_custom_js":"","_kad_blocks_body_custom_js":"","_kad_blocks_footer_custom_js":"","_kad_post_transparent":"","_kad_post_title":"","_kad_post_layout":"","_kad_post_sidebar_id":"","_kad_post_content_style":"","_kad_post_vertical_padding":"","_kad_post_feature":"","_kad_post_feature_position":"","_kad_post_header":false,"_kad_post_footer":false,"_kad_post_classname":"","footnotes":""},"categories":[22],"tags":[],"class_list":["post-997","post","type-post","status-publish","format-standard","has-post-thumbnail","hentry","category-news"],"acf":[],"yoast_head":"<!-- This site is optimized with the Yoast SEO plugin v26.4 - https:\/\/yoast.com\/wordpress\/plugins\/seo\/ -->\n<title>NOTE FOR THE FEAST OF PHILIPPINE AND NOV 21 - AMASC<\/title>\n<meta name=\"robots\" content=\"index, follow, max-snippet:-1, max-image-preview:large, max-video-preview:-1\" \/>\n<link rel=\"canonical\" href=\"https:\/\/amasc.org\/fr\/note-for-the-feast-of-philippine-and-nov-21\/\" \/>\n<meta property=\"og:locale\" content=\"fr_FR\" \/>\n<meta property=\"og:type\" content=\"article\" \/>\n<meta property=\"og:title\" content=\"NOTE FOR THE FEAST OF PHILIPPINE AND NOV 21 - AMASC\" \/>\n<meta property=\"og:description\" content=\"With her consent, we publish the note that Sr. Barbara Dawson just sent to her sisters for the Feast of Philippine Duchesne and the anniversary of the first commitment of Sophie Barat, November 21, 1800, in Paris, in which she mentions the difficult situation of RSCJs in some countries. We pray for them.\" \/>\n<meta property=\"og:url\" content=\"https:\/\/amasc.org\/fr\/note-for-the-feast-of-philippine-and-nov-21\/\" \/>\n<meta property=\"og:site_name\" content=\"AMASC\" \/>\n<meta property=\"article:published_time\" content=\"2019-11-20T13:53:00+00:00\" \/>\n<meta property=\"article:modified_time\" content=\"2020-11-06T16:57:57+00:00\" \/>\n<meta property=\"og:image\" content=\"https:\/\/amasc.org\/wp-content\/uploads\/illustration.jpg\" \/>\n\t<meta property=\"og:image:width\" content=\"350\" \/>\n\t<meta property=\"og:image:height\" content=\"458\" \/>\n\t<meta property=\"og:image:type\" content=\"image\/jpeg\" \/>\n<meta name=\"author\" content=\"AMASC\" \/>\n<meta name=\"twitter:card\" content=\"summary_large_image\" \/>\n<meta name=\"twitter:label1\" content=\"\u00c9crit par\" \/>\n\t<meta name=\"twitter:data1\" content=\"AMASC\" \/>\n\t<meta name=\"twitter:label2\" content=\"Dur\u00e9e de lecture estim\u00e9e\" \/>\n\t<meta name=\"twitter:data2\" content=\"2 minutes\" \/>\n<script type=\"application\/ld+json\" class=\"yoast-schema-graph\">{\"@context\":\"https:\/\/schema.org\",\"@graph\":[{\"@type\":\"Article\",\"@id\":\"https:\/\/amasc.org\/note-for-the-feast-of-philippine-and-nov-21\/#article\",\"isPartOf\":{\"@id\":\"https:\/\/amasc.org\/note-for-the-feast-of-philippine-and-nov-21\/\"},\"author\":{\"name\":\"AMASC\",\"@id\":\"https:\/\/amasc.org\/#\/schema\/person\/aae54db5b0e641eba76f3bb33c209616\"},\"headline\":\"NOTE FOR THE FEAST OF PHILIPPINE AND NOV 21\",\"datePublished\":\"2019-11-20T13:53:00+00:00\",\"dateModified\":\"2020-11-06T16:57:57+00:00\",\"mainEntityOfPage\":{\"@id\":\"https:\/\/amasc.org\/note-for-the-feast-of-philippine-and-nov-21\/\"},\"wordCount\":420,\"publisher\":{\"@id\":\"https:\/\/amasc.org\/#organization\"},\"image\":{\"@id\":\"https:\/\/amasc.org\/note-for-the-feast-of-philippine-and-nov-21\/#primaryimage\"},\"thumbnailUrl\":\"https:\/\/amasc.org\/wp-content\/uploads\/illustration.jpg\",\"articleSection\":[\"NEWS\"],\"inLanguage\":\"fr-FR\"},{\"@type\":\"WebPage\",\"@id\":\"https:\/\/amasc.org\/note-for-the-feast-of-philippine-and-nov-21\/\",\"url\":\"https:\/\/amasc.org\/note-for-the-feast-of-philippine-and-nov-21\/\",\"name\":\"NOTE FOR THE FEAST OF PHILIPPINE AND NOV 21 - AMASC\",\"isPartOf\":{\"@id\":\"https:\/\/amasc.org\/#website\"},\"primaryImageOfPage\":{\"@id\":\"https:\/\/amasc.org\/note-for-the-feast-of-philippine-and-nov-21\/#primaryimage\"},\"image\":{\"@id\":\"https:\/\/amasc.org\/note-for-the-feast-of-philippine-and-nov-21\/#primaryimage\"},\"thumbnailUrl\":\"https:\/\/amasc.org\/wp-content\/uploads\/illustration.jpg\",\"datePublished\":\"2019-11-20T13:53:00+00:00\",\"dateModified\":\"2020-11-06T16:57:57+00:00\",\"breadcrumb\":{\"@id\":\"https:\/\/amasc.org\/note-for-the-feast-of-philippine-and-nov-21\/#breadcrumb\"},\"inLanguage\":\"fr-FR\",\"potentialAction\":[{\"@type\":\"ReadAction\",\"target\":[\"https:\/\/amasc.org\/note-for-the-feast-of-philippine-and-nov-21\/\"]}]},{\"@type\":\"ImageObject\",\"inLanguage\":\"fr-FR\",\"@id\":\"https:\/\/amasc.org\/note-for-the-feast-of-philippine-and-nov-21\/#primaryimage\",\"url\":\"https:\/\/amasc.org\/wp-content\/uploads\/illustration.jpg\",\"contentUrl\":\"https:\/\/amasc.org\/wp-content\/uploads\/illustration.jpg\",\"width\":350,\"height\":458},{\"@type\":\"BreadcrumbList\",\"@id\":\"https:\/\/amasc.org\/note-for-the-feast-of-philippine-and-nov-21\/#breadcrumb\",\"itemListElement\":[{\"@type\":\"ListItem\",\"position\":1,\"name\":\"Home\",\"item\":\"https:\/\/amasc.org\/\"},{\"@type\":\"ListItem\",\"position\":2,\"name\":\"NOTE FOR THE FEAST OF PHILIPPINE AND NOV 21\"}]},{\"@type\":\"WebSite\",\"@id\":\"https:\/\/amasc.org\/#website\",\"url\":\"https:\/\/amasc.org\/\",\"name\":\"AMASC\",\"description\":\"\",\"publisher\":{\"@id\":\"https:\/\/amasc.org\/#organization\"},\"potentialAction\":[{\"@type\":\"SearchAction\",\"target\":{\"@type\":\"EntryPoint\",\"urlTemplate\":\"https:\/\/amasc.org\/?s={search_term_string}\"},\"query-input\":{\"@type\":\"PropertyValueSpecification\",\"valueRequired\":true,\"valueName\":\"search_term_string\"}}],\"inLanguage\":\"fr-FR\"},{\"@type\":\"Organization\",\"@id\":\"https:\/\/amasc.org\/#organization\",\"name\":\"AMASC\",\"url\":\"https:\/\/amasc.org\/\",\"logo\":{\"@type\":\"ImageObject\",\"inLanguage\":\"fr-FR\",\"@id\":\"https:\/\/amasc.org\/#\/schema\/logo\/image\/\",\"url\":\"https:\/\/amasc.org\/wp-content\/uploads\/logo-brand-red.png\",\"contentUrl\":\"https:\/\/amasc.org\/wp-content\/uploads\/logo-brand-red.png\",\"width\":1283,\"height\":1624,\"caption\":\"AMASC\"},\"image\":{\"@id\":\"https:\/\/amasc.org\/#\/schema\/logo\/image\/\"}},{\"@type\":\"Person\",\"@id\":\"https:\/\/amasc.org\/#\/schema\/person\/aae54db5b0e641eba76f3bb33c209616\",\"name\":\"AMASC\"}]}<\/script>\n<!-- \/ Yoast SEO plugin. -->","yoast_head_json":{"title":"NOTE FOR THE FEAST OF PHILIPPINE AND NOV 21 - AMASC","robots":{"index":"index","follow":"follow","max-snippet":"max-snippet:-1","max-image-preview":"max-image-preview:large","max-video-preview":"max-video-preview:-1"},"canonical":"https:\/\/amasc.org\/fr\/note-for-the-feast-of-philippine-and-nov-21\/","og_locale":"fr_FR","og_type":"article","og_title":"NOTE FOR THE FEAST OF PHILIPPINE AND NOV 21 - AMASC","og_description":"With her consent, we publish the note that Sr. Barbara Dawson just sent to her sisters for the Feast of Philippine Duchesne and the anniversary of the first commitment of Sophie Barat, November 21, 1800, in Paris, in which she mentions the difficult situation of RSCJs in some countries. We pray for them.","og_url":"https:\/\/amasc.org\/fr\/note-for-the-feast-of-philippine-and-nov-21\/","og_site_name":"AMASC","article_published_time":"2019-11-20T13:53:00+00:00","article_modified_time":"2020-11-06T16:57:57+00:00","og_image":[{"width":350,"height":458,"url":"https:\/\/amasc.org\/wp-content\/uploads\/illustration.jpg","type":"image\/jpeg"}],"author":"AMASC","twitter_card":"summary_large_image","twitter_misc":{"\u00c9crit par":"AMASC","Dur\u00e9e de lecture estim\u00e9e":"2 minutes"},"schema":{"@context":"https:\/\/schema.org","@graph":[{"@type":"Article","@id":"https:\/\/amasc.org\/note-for-the-feast-of-philippine-and-nov-21\/#article","isPartOf":{"@id":"https:\/\/amasc.org\/note-for-the-feast-of-philippine-and-nov-21\/"},"author":{"name":"AMASC","@id":"https:\/\/amasc.org\/#\/schema\/person\/aae54db5b0e641eba76f3bb33c209616"},"headline":"NOTE FOR THE FEAST OF PHILIPPINE AND NOV 21","datePublished":"2019-11-20T13:53:00+00:00","dateModified":"2020-11-06T16:57:57+00:00","mainEntityOfPage":{"@id":"https:\/\/amasc.org\/note-for-the-feast-of-philippine-and-nov-21\/"},"wordCount":420,"publisher":{"@id":"https:\/\/amasc.org\/#organization"},"image":{"@id":"https:\/\/amasc.org\/note-for-the-feast-of-philippine-and-nov-21\/#primaryimage"},"thumbnailUrl":"https:\/\/amasc.org\/wp-content\/uploads\/illustration.jpg","articleSection":["NEWS"],"inLanguage":"fr-FR"},{"@type":"WebPage","@id":"https:\/\/amasc.org\/note-for-the-feast-of-philippine-and-nov-21\/","url":"https:\/\/amasc.org\/note-for-the-feast-of-philippine-and-nov-21\/","name":"NOTE FOR THE FEAST OF PHILIPPINE AND NOV 21 - AMASC","isPartOf":{"@id":"https:\/\/amasc.org\/#website"},"primaryImageOfPage":{"@id":"https:\/\/amasc.org\/note-for-the-feast-of-philippine-and-nov-21\/#primaryimage"},"image":{"@id":"https:\/\/amasc.org\/note-for-the-feast-of-philippine-and-nov-21\/#primaryimage"},"thumbnailUrl":"https:\/\/amasc.org\/wp-content\/uploads\/illustration.jpg","datePublished":"2019-11-20T13:53:00+00:00","dateModified":"2020-11-06T16:57:57+00:00","breadcrumb":{"@id":"https:\/\/amasc.org\/note-for-the-feast-of-philippine-and-nov-21\/#breadcrumb"},"inLanguage":"fr-FR","potentialAction":[{"@type":"ReadAction","target":["https:\/\/amasc.org\/note-for-the-feast-of-philippine-and-nov-21\/"]}]},{"@type":"ImageObject","inLanguage":"fr-FR","@id":"https:\/\/amasc.org\/note-for-the-feast-of-philippine-and-nov-21\/#primaryimage","url":"https:\/\/amasc.org\/wp-content\/uploads\/illustration.jpg","contentUrl":"https:\/\/amasc.org\/wp-content\/uploads\/illustration.jpg","width":350,"height":458},{"@type":"BreadcrumbList","@id":"https:\/\/amasc.org\/note-for-the-feast-of-philippine-and-nov-21\/#breadcrumb","itemListElement":[{"@type":"ListItem","position":1,"name":"Home","item":"https:\/\/amasc.org\/"},{"@type":"ListItem","position":2,"name":"NOTE FOR THE FEAST OF PHILIPPINE AND NOV 21"}]},{"@type":"WebSite","@id":"https:\/\/amasc.org\/#website","url":"https:\/\/amasc.org\/","name":"AMASC","description":"","publisher":{"@id":"https:\/\/amasc.org\/#organization"},"potentialAction":[{"@type":"SearchAction","target":{"@type":"EntryPoint","urlTemplate":"https:\/\/amasc.org\/?s={search_term_string}"},"query-input":{"@type":"PropertyValueSpecification","valueRequired":true,"valueName":"search_term_string"}}],"inLanguage":"fr-FR"},{"@type":"Organization","@id":"https:\/\/amasc.org\/#organization","name":"AMASC","url":"https:\/\/amasc.org\/","logo":{"@type":"ImageObject","inLanguage":"fr-FR","@id":"https:\/\/amasc.org\/#\/schema\/logo\/image\/","url":"https:\/\/amasc.org\/wp-content\/uploads\/logo-brand-red.png","contentUrl":"https:\/\/amasc.org\/wp-content\/uploads\/logo-brand-red.png","width":1283,"height":1624,"caption":"AMASC"},"image":{"@id":"https:\/\/amasc.org\/#\/schema\/logo\/image\/"}},{"@type":"Person","@id":"https:\/\/amasc.org\/#\/schema\/person\/aae54db5b0e641eba76f3bb33c209616","name":"AMASC"}]}},"taxonomy_info":{"category":[{"value":22,"label":"NEWS"}]},"featured_image_src_large":["https:\/\/amasc.org\/wp-content\/uploads\/illustration.jpg",350,458,false],"author_info":{"display_name":"AMASC","author_link":"https:\/\/amasc.org\/fr\/author\/amasc\/"},"comment_info":0,"category_info":[{"term_id":22,"name":"NEWS","slug":"news","term_group":0,"term_taxonomy_id":22,"taxonomy":"category","description":"","parent":0,"count":36,"filter":"raw","cat_ID":22,"category_count":36,"category_description":"","cat_name":"NEWS","category_nicename":"news","category_parent":0}],"tag_info":false,"_links":{"self":[{"href":"https:\/\/amasc.org\/fr\/wp-json\/wp\/v2\/posts\/997","targetHints":{"allow":["GET"]}}],"collection":[{"href":"https:\/\/amasc.org\/fr\/wp-json\/wp\/v2\/posts"}],"about":[{"href":"https:\/\/amasc.org\/fr\/wp-json\/wp\/v2\/types\/post"}],"author":[{"embeddable":true,"href":"https:\/\/amasc.org\/fr\/wp-json\/wp\/v2\/users\/6"}],"replies":[{"embeddable":true,"href":"https:\/\/amasc.org\/fr\/wp-json\/wp\/v2\/comments?post=997"}],"version-history":[{"count":0,"href":"https:\/\/amasc.org\/fr\/wp-json\/wp\/v2\/posts\/997\/revisions"}],"wp:featuredmedia":[{"embeddable":true,"href":"https:\/\/amasc.org\/fr\/wp-json\/wp\/v2\/media\/995"}],"wp:attachment":[{"href":"https:\/\/amasc.org\/fr\/wp-json\/wp\/v2\/media?parent=997"}],"wp:term":[{"taxonomy":"category","embeddable":true,"href":"https:\/\/amasc.org\/fr\/wp-json\/wp\/v2\/categories?post=997"},{"taxonomy":"post_tag","embeddable":true,"href":"https:\/\/amasc.org\/fr\/wp-json\/wp\/v2\/tags?post=997"}],"curies":[{"name":"wp","href":"https:\/\/api.w.org\/{rel}","templated":true}]}}